{"id":20669,"date":"2025-06-30T06:40:00","date_gmt":"2025-06-30T06:40:00","guid":{"rendered":"https:\/\/www.bergundsteigen.com\/?post_type=magazinartikel&#038;p=20669"},"modified":"2025-08-05T12:20:02","modified_gmt":"2025-08-05T12:20:02","slug":"haftung-light","status":"publish","type":"magazinartikel","link":"https:\/\/www.bergundsteigen.com\/en\/magazinartikel\/haftung-light\/","title":{"rendered":"Haftung \u201elight\u201c?"},"content":{"rendered":"\n<p>Haften staatlich gepr\u00fcfte Instruktor:innen, \u00dcbungsleiter:innen, ganz allgemein Personen, die in einem Verein F\u00fchrungsfunktionen \u00fcbernehmen, im Falle eines Unfalles ebenso wie staatlich gepr\u00fcfte Bergf\u00fchrer? Was versteht man unter dem Begriff der \u201edifferenzierten Ma\u00dffigur\u201c?<\/p>\n\n\n\n<p><\/p>\n","protected":false},"featured_media":20672,"template":"","thema":[1140],"sportart":[],"ausgabe":[1141],"autorinnen":[373],"class_list":["post-20669","magazinartikel","type-magazinartikel","status-publish","has-post-thumbnail","hentry","thema-recht-und-haftung","ausgabe-1141","autorinnen-norbert-hofer"],"yoast_head":"<!-- This site is optimized with the Yoast SEO plugin v27.3 - https:\/\/yoast.com\/product\/yoast-seo-wordpress\/ -->\n<title>Haftung \u201elight\u201c? - bergundsteigen<\/title>\n<meta name=\"robots\" content=\"index, follow, max-snippet:-1, max-image-preview:large, max-video-preview:-1\" \/>\n<link rel=\"canonical\" href=\"https:\/\/www.bergundsteigen.com\/en\/magazinartikel\/haftung-light\/\" \/>\n<meta property=\"og:locale\" content=\"en_US\" \/>\n<meta property=\"og:type\" content=\"article\" \/>\n<meta property=\"og:title\" content=\"Haftung \u201elight\u201c? - bergundsteigen\" \/>\n<meta property=\"og:description\" content=\"Haften staatlich gepr\u00fcfte Instruktor:innen, \u00dcbungsleiter:innen, ganz allgemein Personen, die in einem Verein F\u00fchrungsfunktionen \u00fcbernehmen, im Falle eines Unfalles ebenso wie staatlich gepr\u00fcfte Bergf\u00fchrer? Was versteht man unter dem Begriff der \u201edifferenzierten Ma\u00dffigur\u201c?\" \/>\n<meta property=\"og:url\" content=\"https:\/\/www.bergundsteigen.com\/en\/magazinartikel\/haftung-light\/\" \/>\n<meta property=\"og:site_name\" content=\"bergundsteigen\" \/>\n<meta property=\"article:modified_time\" content=\"2025-08-05T12:20:02+00:00\" \/>\n<meta property=\"og:image\" content=\"https:\/\/assets.bergundsteigen.com\/2025\/05\/bergundsteigen-131_Vereinsarbeit-und-Haftung_Mutterberger-Seespitze_Foto-Alpinpolizei.jpg\" \/>\n\t<meta property=\"og:image:width\" content=\"3454\" \/>\n\t<meta property=\"og:image:height\" content=\"4000\" \/>\n\t<meta property=\"og:image:type\" content=\"image\/jpeg\" \/>\n<meta name=\"twitter:card\" content=\"summary_large_image\" \/>\n<meta name=\"twitter:label1\" content=\"Est. reading time\" \/>\n\t<meta name=\"twitter:data1\" content=\"1 minute\" \/>\n<script type=\"application\/ld+json\" class=\"yoast-schema-graph\">{\"@context\":\"https:\\\/\\\/schema.org\",\"@graph\":[{\"@type\":\"WebPage\",\"@id\":\"https:\\\/\\\/www.bergundsteigen.com\\\/en\\\/magazinartikel\\\/haftung-light\\\/\",\"url\":\"https:\\\/\\\/www.bergundsteigen.com\\\/en\\\/magazinartikel\\\/haftung-light\\\/\",\"name\":\"Haftung \u201elight\u201c? - bergundsteigen\",\"isPartOf\":{\"@id\":\"http:\\\/\\\/172.31.26.242\\\/#website\"},\"primaryImageOfPage\":{\"@id\":\"https:\\\/\\\/www.bergundsteigen.com\\\/en\\\/magazinartikel\\\/haftung-light\\\/#primaryimage\"},\"image\":{\"@id\":\"https:\\\/\\\/www.bergundsteigen.com\\\/en\\\/magazinartikel\\\/haftung-light\\\/#primaryimage\"},\"thumbnailUrl\":\"https:\\\/\\\/assets.bergundsteigen.com\\\/2025\\\/05\\\/bergundsteigen-131_Vereinsarbeit-und-Haftung_Mutterberger-Seespitze_Foto-Alpinpolizei.jpg\",\"datePublished\":\"2025-06-30T06:40:00+00:00\",\"dateModified\":\"2025-08-05T12:20:02+00:00\",\"breadcrumb\":{\"@id\":\"https:\\\/\\\/www.bergundsteigen.com\\\/en\\\/magazinartikel\\\/haftung-light\\\/#breadcrumb\"},\"inLanguage\":\"en-US\",\"potentialAction\":[{\"@type\":\"ReadAction\",\"target\":[\"https:\\\/\\\/www.bergundsteigen.com\\\/en\\\/magazinartikel\\\/haftung-light\\\/\"]}]},{\"@type\":\"ImageObject\",\"inLanguage\":\"en-US\",\"@id\":\"https:\\\/\\\/www.bergundsteigen.com\\\/en\\\/magazinartikel\\\/haftung-light\\\/#primaryimage\",\"url\":\"https:\\\/\\\/assets.bergundsteigen.com\\\/2025\\\/05\\\/bergundsteigen-131_Vereinsarbeit-und-Haftung_Mutterberger-Seespitze_Foto-Alpinpolizei.jpg\",\"contentUrl\":\"https:\\\/\\\/assets.bergundsteigen.com\\\/2025\\\/05\\\/bergundsteigen-131_Vereinsarbeit-und-Haftung_Mutterberger-Seespitze_Foto-Alpinpolizei.jpg\",\"width\":3454,\"height\":4000},{\"@type\":\"BreadcrumbList\",\"@id\":\"https:\\\/\\\/www.bergundsteigen.com\\\/en\\\/magazinartikel\\\/haftung-light\\\/#breadcrumb\",\"itemListElement\":[{\"@type\":\"ListItem\",\"position\":1,\"name\":\"Home\",\"item\":\"https:\\\/\\\/www.bergundsteigen.com\\\/en\\\/\"},{\"@type\":\"ListItem\",\"position\":2,\"name\":\"Haftung \u201elight\u201c?\"}]},{\"@type\":\"WebSite\",\"@id\":\"http:\\\/\\\/172.31.26.242\\\/#website\",\"url\":\"http:\\\/\\\/172.31.26.242\\\/\",\"name\":\"bergundsteigen\",\"description\":\"Menschen, Berge, Unsicherheit: Die Bergsport-Fachzeitschrift der Alpenvereine\",\"potentialAction\":[{\"@type\":\"SearchAction\",\"target\":{\"@type\":\"EntryPoint\",\"urlTemplate\":\"http:\\\/\\\/172.31.26.242\\\/?s={search_term_string}\"},\"query-input\":{\"@type\":\"PropertyValueSpecification\",\"valueRequired\":true,\"valueName\":\"search_term_string\"}}],\"inLanguage\":\"en-US\"}]}<\/script>\n<!-- \/ Yoast SEO plugin. -->","yoast_head_json":{"title":"Haftung \u201elight\u201c? - bergundsteigen","robots":{"index":"index","follow":"follow","max-snippet":"max-snippet:-1","max-image-preview":"max-image-preview:large","max-video-preview":"max-video-preview:-1"},"canonical":"https:\/\/www.bergundsteigen.com\/en\/magazinartikel\/haftung-light\/","og_locale":"en_US","og_type":"article","og_title":"Haftung \u201elight\u201c? - bergundsteigen","og_description":"Haften staatlich gepr\u00fcfte Instruktor:innen, \u00dcbungsleiter:innen, ganz allgemein Personen, die in einem Verein F\u00fchrungsfunktionen \u00fcbernehmen, im Falle eines Unfalles ebenso wie staatlich gepr\u00fcfte Bergf\u00fchrer? Was versteht man unter dem Begriff der \u201edifferenzierten Ma\u00dffigur\u201c?","og_url":"https:\/\/www.bergundsteigen.com\/en\/magazinartikel\/haftung-light\/","og_site_name":"bergundsteigen","article_modified_time":"2025-08-05T12:20:02+00:00","og_image":[{"width":3454,"height":4000,"url":"https:\/\/assets.bergundsteigen.com\/2025\/05\/bergundsteigen-131_Vereinsarbeit-und-Haftung_Mutterberger-Seespitze_Foto-Alpinpolizei.jpg","type":"image\/jpeg"}],"twitter_card":"summary_large_image","twitter_misc":{"Est. reading time":"1 minute"},"schema":{"@context":"https:\/\/schema.org","@graph":[{"@type":"WebPage","@id":"https:\/\/www.bergundsteigen.com\/en\/magazinartikel\/haftung-light\/","url":"https:\/\/www.bergundsteigen.com\/en\/magazinartikel\/haftung-light\/","name":"Haftung \u201elight\u201c? - bergundsteigen","isPartOf":{"@id":"http:\/\/172.31.26.242\/#website"},"primaryImageOfPage":{"@id":"https:\/\/www.bergundsteigen.com\/en\/magazinartikel\/haftung-light\/#primaryimage"},"image":{"@id":"https:\/\/www.bergundsteigen.com\/en\/magazinartikel\/haftung-light\/#primaryimage"},"thumbnailUrl":"https:\/\/assets.bergundsteigen.com\/2025\/05\/bergundsteigen-131_Vereinsarbeit-und-Haftung_Mutterberger-Seespitze_Foto-Alpinpolizei.jpg","datePublished":"2025-06-30T06:40:00+00:00","dateModified":"2025-08-05T12:20:02+00:00","breadcrumb":{"@id":"https:\/\/www.bergundsteigen.com\/en\/magazinartikel\/haftung-light\/#breadcrumb"},"inLanguage":"en-US","potentialAction":[{"@type":"ReadAction","target":["https:\/\/www.bergundsteigen.com\/en\/magazinartikel\/haftung-light\/"]}]},{"@type":"ImageObject","inLanguage":"en-US","@id":"https:\/\/www.bergundsteigen.com\/en\/magazinartikel\/haftung-light\/#primaryimage","url":"https:\/\/assets.bergundsteigen.com\/2025\/05\/bergundsteigen-131_Vereinsarbeit-und-Haftung_Mutterberger-Seespitze_Foto-Alpinpolizei.jpg","contentUrl":"https:\/\/assets.bergundsteigen.com\/2025\/05\/bergundsteigen-131_Vereinsarbeit-und-Haftung_Mutterberger-Seespitze_Foto-Alpinpolizei.jpg","width":3454,"height":4000},{"@type":"BreadcrumbList","@id":"https:\/\/www.bergundsteigen.com\/en\/magazinartikel\/haftung-light\/#breadcrumb","itemListElement":[{"@type":"ListItem","position":1,"name":"Home","item":"https:\/\/www.bergundsteigen.com\/en\/"},{"@type":"ListItem","position":2,"name":"Haftung \u201elight\u201c?"}]},{"@type":"WebSite","@id":"http:\/\/172.31.26.242\/#website","url":"http:\/\/172.31.26.242\/","name":"bergundsteigen","description":"Menschen, Berge, Unsicherheit: Die Bergsport-Fachzeitschrift der Alpenvereine","potentialAction":[{"@type":"SearchAction","target":{"@type":"EntryPoint","urlTemplate":"http:\/\/172.31.26.242\/?s={search_term_string}"},"query-input":{"@type":"PropertyValueSpecification","valueRequired":true,"valueName":"search_term_string"}}],"inLanguage":"en-US"}]}},"_links":{"self":[{"href":"https:\/\/www.bergundsteigen.com\/en\/wp-json\/wp\/v2\/magazinartikel\/20669","targetHints":{"allow":["GET"]}}],"collection":[{"href":"https:\/\/www.bergundsteigen.com\/en\/wp-json\/wp\/v2\/magazinartikel"}],"about":[{"href":"https:\/\/www.bergundsteigen.com\/en\/wp-json\/wp\/v2\/types\/magazinartikel"}],"wp:featuredmedia":[{"embeddable":true,"href":"https:\/\/www.bergundsteigen.com\/en\/wp-json\/wp\/v2\/media\/20672"}],"wp:attachment":[{"href":"https:\/\/www.bergundsteigen.com\/en\/wp-json\/wp\/v2\/media?parent=20669"}],"wp:term":[{"taxonomy":"thema","embeddable":true,"href":"https:\/\/www.bergundsteigen.com\/en\/wp-json\/wp\/v2\/thema?post=20669"},{"taxonomy":"sportart","embeddable":true,"href":"https:\/\/www.bergundsteigen.com\/en\/wp-json\/wp\/v2\/sportart?post=20669"},{"taxonomy":"ausgabe","embeddable":true,"href":"https:\/\/www.bergundsteigen.com\/en\/wp-json\/wp\/v2\/ausgabe?post=20669"},{"taxonomy":"autorinnen","embeddable":true,"href":"https:\/\/www.bergundsteigen.com\/en\/wp-json\/wp\/v2\/autorinnen?post=20669"}],"curies":[{"name":"wp","href":"https:\/\/api.w.org\/{rel}","templated":true}]}}