{"id":5136,"date":"2021-05-29T09:18:00","date_gmt":"2021-05-29T09:18:00","guid":{"rendered":"https:\/\/bergundsteigen.com\/?post_type=magazinartikel&#038;p=5136"},"modified":"2024-12-17T00:27:04","modified_gmt":"2024-12-17T00:27:04","slug":"pro-contra-2","status":"publish","type":"magazinartikel","link":"https:\/\/www.bergundsteigen.com\/en\/magazinartikel\/pro-contra-2\/","title":{"rendered":"pro &amp; contra: Risiko beim Bergsteigen"},"content":{"rendered":"\n<p>\u201eIm Hafen ist ein Schiff sicher, aber daf\u00fcr ist es nicht gebaut.\u201c Seneca, 50 n. Chr. Was w\u00e4re aus der Menschheit geworden, wenn es nie Abenteurer*innen gegeben h\u00e4tte, die aus der Komfortzone aufgebrochen und in unbekannte Welten gesegelt w\u00e4ren? Alpinismus ist f\u00fcr mich der Aufbruch in eine neue Welt, der Umgang mit dem Unbekannten und ein st\u00e4ndiges Dazulernen am Berg. Dazu geh\u00f6ren unvorhersehbare Momente und manchmal sterben leider auch Menschen dabei. &#8230;<\/p>\n\n\n\n<p><\/p>\n","protected":false},"featured_media":5138,"template":"","thema":[55],"sportart":[],"ausgabe":[29],"autorinnen":[],"class_list":["post-5136","magazinartikel","type-magazinartikel","status-publish","has-post-thumbnail","hentry","thema-faktor-mensch","ausgabe-29"],"yoast_head":"<!-- This site is optimized with the Yoast SEO plugin v27.3 - https:\/\/yoast.com\/product\/yoast-seo-wordpress\/ -->\n<title>pro &amp; contra: Risiko beim Bergsteigen - bergundsteigen<\/title>\n<meta name=\"description\" content=\"In dieser neuen Rubrik diskutieren wir 2 gegens\u00e4tzliche Perspektiven zu unserem Schwerpunktthema: Risiko beim Bergsteigen.\" \/>\n<meta name=\"robots\" content=\"index, follow, max-snippet:-1, max-image-preview:large, max-video-preview:-1\" \/>\n<link rel=\"canonical\" href=\"https:\/\/www.bergundsteigen.com\/magazinartikel\/pro-contra-2\/\" \/>\n<meta property=\"og:locale\" content=\"en_US\" \/>\n<meta property=\"og:type\" content=\"article\" \/>\n<meta property=\"og:title\" content=\"pro &amp; contra: Risiko beim Bergsteigen - bergundsteigen\" \/>\n<meta property=\"og:description\" content=\"In dieser neuen Rubrik diskutieren wir 2 gegens\u00e4tzliche Perspektiven zu unserem Schwerpunktthema: Risiko beim Bergsteigen.\" \/>\n<meta property=\"og:url\" content=\"https:\/\/www.bergundsteigen.com\/magazinartikel\/pro-contra-2\/\" \/>\n<meta property=\"og:site_name\" content=\"bergundsteigen\" \/>\n<meta property=\"article:modified_time\" content=\"2024-12-17T00:27:04+00:00\" \/>\n<meta property=\"og:image\" content=\"https:\/\/assets.bergundsteigen.com\/2021\/08\/proundcontra-1.jpg\" \/>\n\t<meta property=\"og:image:width\" content=\"273\" \/>\n\t<meta property=\"og:image:height\" content=\"137\" \/>\n\t<meta property=\"og:image:type\" content=\"image\/jpeg\" \/>\n<meta name=\"twitter:card\" content=\"summary_large_image\" \/>\n<meta name=\"twitter:label1\" content=\"Est. reading time\" \/>\n\t<meta name=\"twitter:data1\" content=\"1 minute\" \/>\n<script type=\"application\/ld+json\" class=\"yoast-schema-graph\">{\"@context\":\"https:\\\/\\\/schema.org\",\"@graph\":[{\"@type\":\"WebPage\",\"@id\":\"https:\\\/\\\/www.bergundsteigen.com\\\/magazinartikel\\\/pro-contra-2\\\/\",\"url\":\"https:\\\/\\\/www.bergundsteigen.com\\\/magazinartikel\\\/pro-contra-2\\\/\",\"name\":\"pro &amp; contra: Risiko beim Bergsteigen - bergundsteigen\",\"isPartOf\":{\"@id\":\"http:\\\/\\\/172.31.26.242\\\/#website\"},\"primaryImageOfPage\":{\"@id\":\"https:\\\/\\\/www.bergundsteigen.com\\\/magazinartikel\\\/pro-contra-2\\\/#primaryimage\"},\"image\":{\"@id\":\"https:\\\/\\\/www.bergundsteigen.com\\\/magazinartikel\\\/pro-contra-2\\\/#primaryimage\"},\"thumbnailUrl\":\"https:\\\/\\\/assets.bergundsteigen.com\\\/2021\\\/08\\\/proundcontra-1.jpg\",\"datePublished\":\"2021-05-29T09:18:00+00:00\",\"dateModified\":\"2024-12-17T00:27:04+00:00\",\"description\":\"In dieser neuen Rubrik diskutieren wir 2 gegens\u00e4tzliche Perspektiven zu unserem Schwerpunktthema: Risiko beim Bergsteigen.\",\"breadcrumb\":{\"@id\":\"https:\\\/\\\/www.bergundsteigen.com\\\/magazinartikel\\\/pro-contra-2\\\/#breadcrumb\"},\"inLanguage\":\"en-US\",\"potentialAction\":[{\"@type\":\"ReadAction\",\"target\":[\"https:\\\/\\\/www.bergundsteigen.com\\\/magazinartikel\\\/pro-contra-2\\\/\"]}]},{\"@type\":\"ImageObject\",\"inLanguage\":\"en-US\",\"@id\":\"https:\\\/\\\/www.bergundsteigen.com\\\/magazinartikel\\\/pro-contra-2\\\/#primaryimage\",\"url\":\"https:\\\/\\\/assets.bergundsteigen.com\\\/2021\\\/08\\\/proundcontra-1.jpg\",\"contentUrl\":\"https:\\\/\\\/assets.bergundsteigen.com\\\/2021\\\/08\\\/proundcontra-1.jpg\",\"width\":273,\"height\":137},{\"@type\":\"BreadcrumbList\",\"@id\":\"https:\\\/\\\/www.bergundsteigen.com\\\/magazinartikel\\\/pro-contra-2\\\/#breadcrumb\",\"itemListElement\":[{\"@type\":\"ListItem\",\"position\":1,\"name\":\"Home\",\"item\":\"https:\\\/\\\/www.bergundsteigen.com\\\/en\\\/\"},{\"@type\":\"ListItem\",\"position\":2,\"name\":\"pro &amp; contra: Risiko beim Bergsteigen\"}]},{\"@type\":\"WebSite\",\"@id\":\"http:\\\/\\\/172.31.26.242\\\/#website\",\"url\":\"http:\\\/\\\/172.31.26.242\\\/\",\"name\":\"bergundsteigen\",\"description\":\"Menschen, Berge, Unsicherheit: Die Bergsport-Fachzeitschrift der Alpenvereine\",\"potentialAction\":[{\"@type\":\"SearchAction\",\"target\":{\"@type\":\"EntryPoint\",\"urlTemplate\":\"http:\\\/\\\/172.31.26.242\\\/?s={search_term_string}\"},\"query-input\":{\"@type\":\"PropertyValueSpecification\",\"valueRequired\":true,\"valueName\":\"search_term_string\"}}],\"inLanguage\":\"en-US\"}]}<\/script>\n<!-- \/ Yoast SEO plugin. -->","yoast_head_json":{"title":"pro &amp; contra: Risiko beim Bergsteigen - bergundsteigen","description":"In dieser neuen Rubrik diskutieren wir 2 gegens\u00e4tzliche Perspektiven zu unserem Schwerpunktthema: Risiko beim Bergsteigen.","robots":{"index":"index","follow":"follow","max-snippet":"max-snippet:-1","max-image-preview":"max-image-preview:large","max-video-preview":"max-video-preview:-1"},"canonical":"https:\/\/www.bergundsteigen.com\/magazinartikel\/pro-contra-2\/","og_locale":"en_US","og_type":"article","og_title":"pro &amp; contra: Risiko beim Bergsteigen - bergundsteigen","og_description":"In dieser neuen Rubrik diskutieren wir 2 gegens\u00e4tzliche Perspektiven zu unserem Schwerpunktthema: Risiko beim Bergsteigen.","og_url":"https:\/\/www.bergundsteigen.com\/magazinartikel\/pro-contra-2\/","og_site_name":"bergundsteigen","article_modified_time":"2024-12-17T00:27:04+00:00","og_image":[{"width":273,"height":137,"url":"https:\/\/assets.bergundsteigen.com\/2021\/08\/proundcontra-1.jpg","type":"image\/jpeg"}],"twitter_card":"summary_large_image","twitter_misc":{"Est. reading time":"1 minute"},"schema":{"@context":"https:\/\/schema.org","@graph":[{"@type":"WebPage","@id":"https:\/\/www.bergundsteigen.com\/magazinartikel\/pro-contra-2\/","url":"https:\/\/www.bergundsteigen.com\/magazinartikel\/pro-contra-2\/","name":"pro &amp; contra: Risiko beim Bergsteigen - bergundsteigen","isPartOf":{"@id":"http:\/\/172.31.26.242\/#website"},"primaryImageOfPage":{"@id":"https:\/\/www.bergundsteigen.com\/magazinartikel\/pro-contra-2\/#primaryimage"},"image":{"@id":"https:\/\/www.bergundsteigen.com\/magazinartikel\/pro-contra-2\/#primaryimage"},"thumbnailUrl":"https:\/\/assets.bergundsteigen.com\/2021\/08\/proundcontra-1.jpg","datePublished":"2021-05-29T09:18:00+00:00","dateModified":"2024-12-17T00:27:04+00:00","description":"In dieser neuen Rubrik diskutieren wir 2 gegens\u00e4tzliche Perspektiven zu unserem Schwerpunktthema: Risiko beim Bergsteigen.","breadcrumb":{"@id":"https:\/\/www.bergundsteigen.com\/magazinartikel\/pro-contra-2\/#breadcrumb"},"inLanguage":"en-US","potentialAction":[{"@type":"ReadAction","target":["https:\/\/www.bergundsteigen.com\/magazinartikel\/pro-contra-2\/"]}]},{"@type":"ImageObject","inLanguage":"en-US","@id":"https:\/\/www.bergundsteigen.com\/magazinartikel\/pro-contra-2\/#primaryimage","url":"https:\/\/assets.bergundsteigen.com\/2021\/08\/proundcontra-1.jpg","contentUrl":"https:\/\/assets.bergundsteigen.com\/2021\/08\/proundcontra-1.jpg","width":273,"height":137},{"@type":"BreadcrumbList","@id":"https:\/\/www.bergundsteigen.com\/magazinartikel\/pro-contra-2\/#breadcrumb","itemListElement":[{"@type":"ListItem","position":1,"name":"Home","item":"https:\/\/www.bergundsteigen.com\/en\/"},{"@type":"ListItem","position":2,"name":"pro &amp; contra: Risiko beim Bergsteigen"}]},{"@type":"WebSite","@id":"http:\/\/172.31.26.242\/#website","url":"http:\/\/172.31.26.242\/","name":"bergundsteigen","description":"Menschen, Berge, Unsicherheit: Die Bergsport-Fachzeitschrift der Alpenvereine","potentialAction":[{"@type":"SearchAction","target":{"@type":"EntryPoint","urlTemplate":"http:\/\/172.31.26.242\/?s={search_term_string}"},"query-input":{"@type":"PropertyValueSpecification","valueRequired":true,"valueName":"search_term_string"}}],"inLanguage":"en-US"}]}},"_links":{"self":[{"href":"https:\/\/www.bergundsteigen.com\/en\/wp-json\/wp\/v2\/magazinartikel\/5136","targetHints":{"allow":["GET"]}}],"collection":[{"href":"https:\/\/www.bergundsteigen.com\/en\/wp-json\/wp\/v2\/magazinartikel"}],"about":[{"href":"https:\/\/www.bergundsteigen.com\/en\/wp-json\/wp\/v2\/types\/magazinartikel"}],"wp:featuredmedia":[{"embeddable":true,"href":"https:\/\/www.bergundsteigen.com\/en\/wp-json\/wp\/v2\/media\/5138"}],"wp:attachment":[{"href":"https:\/\/www.bergundsteigen.com\/en\/wp-json\/wp\/v2\/media?parent=5136"}],"wp:term":[{"taxonomy":"thema","embeddable":true,"href":"https:\/\/www.bergundsteigen.com\/en\/wp-json\/wp\/v2\/thema?post=5136"},{"taxonomy":"sportart","embeddable":true,"href":"https:\/\/www.bergundsteigen.com\/en\/wp-json\/wp\/v2\/sportart?post=5136"},{"taxonomy":"ausgabe","embeddable":true,"href":"https:\/\/www.bergundsteigen.com\/en\/wp-json\/wp\/v2\/ausgabe?post=5136"},{"taxonomy":"autorinnen","embeddable":true,"href":"https:\/\/www.bergundsteigen.com\/en\/wp-json\/wp\/v2\/autorinnen?post=5136"}],"curies":[{"name":"wp","href":"https:\/\/api.w.org\/{rel}","templated":true}]}}